{"id":129,"date":"2020-03-20T21:21:07","date_gmt":"2020-03-20T20:21:07","guid":{"rendered":"http:\/\/rue-de-seine.com\/?p=129"},"modified":"2023-04-26T18:44:02","modified_gmt":"2023-04-26T16:44:02","slug":"les-14-16-et-18-lancien-hotel-de-la-rochefoucauld","status":"publish","type":"post","link":"https:\/\/rue-de-seine.com\/index.php\/2020\/03\/20\/les-14-16-et-18-lancien-hotel-de-la-rochefoucauld\/","title":{"rendered":"Les 14, 16 et 18 : l&rsquo;ancien h\u00f4tel de La Rochefoucauld"},"content":{"rendered":"\n<p>Les immeubles des 14, 16 et 18 de la rue de Seine et la rue des Beaux-Arts occupent l&#8217;emplacement de l&rsquo;ancien h\u00f4tel de La Rochefoucauld. C&rsquo;est pour cette raison que nous les \u00e9tudierons dans un m\u00eame article, d&rsquo;autant que deux d&rsquo;entre eux pr\u00e9sentent&nbsp;&nbsp;actuellement les m\u00eames caract\u00e9ristiques architecturales.<\/p>\n\n\n\n<p>Ces lieux ont une glorieuse histoire parce qu&rsquo;ils ont abrit\u00e9s successivement<em>&nbsp;l&rsquo;h\u00f4tel Dauphin<\/em>&nbsp;qui appartint aux ducs de Montpensier, puis&nbsp;<em>l&rsquo;h\u00f4tel de Bouillon<\/em>&nbsp;qui fut la propri\u00e9t\u00e9 du duc de Bouillon, p\u00e8re du grand Turenne qui en h\u00e9rita, ensuite l&rsquo;h\u00f4tel de&nbsp;<em>Liancourt<\/em>&nbsp;qui \u00e9tait au duc de Liancourt et enfin l&rsquo;h\u00f4tel de&nbsp;<em>La Rochefoucauld&nbsp;<\/em>qui fut \u00e0 Fran\u00e7ois de La Rochefoucauld, l&rsquo;auteur des<em>&nbsp;Maximes ;&nbsp;<\/em>\u00e0 Fran\u00e7ois XII de La Rochefoucauld, le philanthrope ; et \u00e0 Louis Alexandre de la Rochefoucauld, duc d&rsquo;Enville&nbsp;&nbsp;qui fut assassin\u00e9 \u00e0 Gisors pendant la R\u00e9volution.<\/p>\n\n\n\n<p class=\"has-black-color has-text-color has-background\" style=\"background-color:#f5ba83;font-size:26px\">L&rsquo;origine de l&rsquo;h\u00f4tel de La Rochefoucauld<\/p>\n\n\n\n<p>D\u00e8s 1530, la tr\u00e8s riche abbaye de Saint-Germain-des-Pr\u00e9s avait loti et vendu en parcelles de terre qui \u00e9taient du c\u00f4t\u00e9 des num\u00e9ros impairs de la rue de Seine. Le lotissement du c\u00f4t\u00e9 pair intervint un peu plus tard, \u00e0&nbsp;&nbsp;partir de 1538.<\/p>\n\n\n\n<p>Le cardinal de Tournon, abb\u00e9 commandataire de l&rsquo;abbaye de Saint-Germain-des-Pr\u00e9s, entreprit le lotissement des terrains du c\u00f4t\u00e9 des num\u00e9ros pairs de la rue de Seine. La complication des \u00e9tapes successives qui y aboutira \u00e0 l&rsquo;h\u00f4tel de La Rochefoucauld justifie une illustration par des sch\u00e9mas.<\/p>\n\n\n\n<p class=\"has-background\" style=\"background-color:#f5ba83;font-size:21px\">\u00c9tape 1 : Charles de Maigny<\/p>\n\n\n\n<p>Le 6 septembre 1538, devant les notaires Fran\u00e7ois Bastonneau et Vincent Maup\u00e9ou, monseigneur le r\u00e9v\u00e9rendissime cardinal de Tournon, abb\u00e9 de Saint-Germain-des-Pr\u00e9s, bailla \u00e0 titre de cens et de rente fonci\u00e8re annuelle et perp\u00e9tuelle \u00e0 messire Charles de Maigny un arpent et demi (5125 m2 environ) de terre pr\u00e8s du&nbsp;<em>Petit Pr\u00e9 aux Clercs<\/em>&nbsp;<sup id=\"rf1-129\"><a href=\"#fn1-129\" title=\"A.N. ; LL1124, comptes de l&rsquo;abbaye de Saint-Germain-des-Pr\u00e9s\" rel=\"footnote\">1<\/a><\/sup>. Le cens<sup id=\"rf2-129\"><a href=\"#fn2-129\" title=\"Le cens est une sorte de redevance fonci\u00e8re per\u00e7ue par le seigneur sur la parcelle de terre qui est en sa censive. Dans le cas qui nous occupe le terrain \u00e9tait dans la censive de l&rsquo;abbaye de Saint-Germain-des-Pr\u00e9s\" rel=\"footnote\">2<\/a><\/sup> de 3 sols parisis \u00e9tait \u00e0 verser \u00e0 l&rsquo;abbaye de Saint-Germain-des-Pr\u00e9s tous les ans le jour de la Saint-R\u00e9mi (c-\u00e0-d le 1er octobre). Quant \u00e0 la rente fonci\u00e8re elle fut fix\u00e9e par l&rsquo;abbaye \u00e0 7 livres 10 sols tournois. Le contrat exigeait de plus que le preneur construise sur le terrain une maison manable (habitable) et que le terrain soit clos de murailles.<\/p>\n\n\n\n<figure class=\"wp-block-image size-large\"><img loading=\"lazy\" decoding=\"async\" width=\"624\" height=\"312\" src=\"https:\/\/rue-de-seine.com\/wp-content\/uploads\/2020\/03\/Dec-Magny-1-LL1124W.jpg\" alt=\"\" class=\"wp-image-132\" srcset=\"https:\/\/rue-de-seine.com\/wp-content\/uploads\/2020\/03\/Dec-Magny-1-LL1124W.jpg 624w, https:\/\/rue-de-seine.com\/wp-content\/uploads\/2020\/03\/Dec-Magny-1-LL1124W-300x150.jpg 300w\" sizes=\"(max-width: 624px) 100vw, 624px\" \/><figcaption class=\"wp-element-caption\"><em>Extrait de la d\u00e9claration de Charles de Maigny   \u00e0 l&rsquo;abbaye de Saint-Germain-des-Pr\u00e9s<\/em><\/figcaption><\/figure>\n\n\n\n<p>Charles de Maigny \u00e9tait un personnage important \u00e0 la cour des rois Fran\u00e7ois Ier et Henri II puisqu&rsquo;il \u00e9tait capitaine des gardes de la porte royale. Il avait \u00e9pous\u00e9 Jeanne de Monceaux qui fut condamn\u00e9e par arr\u00eat du conseil priv\u00e9 du roi du 11 novembre 1551 \u00e0 prendre le voile chez les religieuses des filles repenties de Chartres. Quel avait \u00e9t\u00e9 son crime ? Nous ne l&rsquo;avons pas encore d\u00e9couvert !<\/p>\n\n\n\n<figure class=\"wp-block-image size-large\"><img loading=\"lazy\" decoding=\"async\" width=\"1024\" height=\"724\" src=\"https:\/\/rue-de-seine.com\/wp-content\/uploads\/2020\/03\/Domaine-MaignyW-1024x724.jpg\" alt=\"\" class=\"wp-image-45\" srcset=\"https:\/\/rue-de-seine.com\/wp-content\/uploads\/2020\/03\/Domaine-MaignyW-1024x724.jpg 1024w, https:\/\/rue-de-seine.com\/wp-content\/uploads\/2020\/03\/Domaine-MaignyW-300x212.jpg 300w, https:\/\/rue-de-seine.com\/wp-content\/uploads\/2020\/03\/Domaine-MaignyW-768x543.jpg 768w\" sizes=\"(max-width: 1024px) 100vw, 1024px\" \/><figcaption class=\"wp-element-caption\">Domaine de Charles de Maigny<\/figcaption><\/figure>\n\n\n\n<p>Charles de Maigny mourut \u00e0 Paris en 1556<sup id=\"rf3-129\"><a href=\"#fn3-129\" title=\". Son tombeau, que l&rsquo;on peut voir au Louvre, fut command\u00e9 en 1557 par contrat entre sa soeur et Pierre Bontemps sculpteur :&lt;\/p&gt;\n\n\n\n&lt;figure class=&quot;wp-block-image aligncenter size-large&quot;&gt;&lt;img src=&quot;https:\/\/rue-de-seine.com\/wp-content\/uploads\/2020\/03\/Tombeau-Maigny-RMNW.jpg&quot; alt=&quot;&quot; class=&quot;wp-image-142&quot;\/&gt;&lt;figcaption class=&quot;wp-element-caption&quot;&gt;Tombeau de C. de Maigny\nPhoto \u00a9 RMN-Grand Palais (mus\u00e9e du Louvre) St\u00e9phane Mar\u00e9challe\n&lt;\/figcaption&gt;&lt;\/figure&gt;\n\n\n\n&lt;p&gt;Nous avons repr\u00e9sent\u00e9 \u00e7i-dessous la possession de Charles de Maigny. Le terrain quadrill\u00e9 est l&#8217;empreinte du futur h\u00f4tel de La Rochefoucauld .&lt;\/p&gt;\n\n\n\n&lt;figure class=&quot;wp-block-image size-large&quot;&gt;&lt;img src=&quot;https:\/\/rue-de-seine.com\/wp-content\/uploads\/2020\/03\/Domaine-MaignyW-1.jpg&quot; alt=&quot;&quot; class=&quot;wp-image-136&quot;\/&gt;&lt;figcaption class=&quot;wp-element-caption&quot;&gt;&lt;em&gt;Le terrain qui fut vendu \u00e0 C. de Maigny par l&rsquo;abbaye de Saint-Germain-des-Pr\u00e8s&lt;\/em&gt;. &lt;em&gt;La partie quadrill\u00e9e repr\u00e9sente l&#8217;empreinte l&rsquo;h\u00f4tel de La Rochefoucauld, en jaune le petit pr\u00e9 aux clercs&lt;\/em&gt;.&lt;br&gt;&lt;\/figcaption&gt;&lt;\/figure&gt;\n\n\n\n&lt;p class=&quot;has-background&quot; style=&quot;background-color:#f5ba83;font-size:21px&quot;&gt;Etape 2 : Charles de Maigny et Fran\u00e7ois Bastonneau&lt;\/p&gt;\n\n\n\n&lt;p&gt;Quelques jours apr\u00e8s son acquisition, le 19 septembre 1538, devant les notaires Chenu et Maup\u00e9ou,  Charles de Maigny revendit un tiers de sa parcelle&nbsp;&nbsp;\u00e0 ma\u00eetre Fran\u00e7ois Bastonneau notaire, soit un demi arpent (1700 m2 environ) ((A.N. ; M.C. ; VIII\/158, 25\/09\/1577, inventaire des biens de Marguerite Delarche, veuve de Me Fran\u00e7ois Bastonneau\" rel=\"footnote\">3<\/a><\/sup>.<\/p>\n\n\n\n<p>Cette parcelle \u00e9tait situ\u00e9es sur la gauche de son terrain de la fa\u00e7on suivante :<\/p>\n\n\n\n<figure class=\"wp-block-image size-large\"><img loading=\"lazy\" decoding=\"async\" width=\"454\" height=\"392\" src=\"https:\/\/rue-de-seine.com\/wp-content\/uploads\/2020\/03\/DomaineMaigny-BastoW.jpg\" alt=\"\" class=\"wp-image-176\" srcset=\"https:\/\/rue-de-seine.com\/wp-content\/uploads\/2020\/03\/DomaineMaigny-BastoW.jpg 454w, https:\/\/rue-de-seine.com\/wp-content\/uploads\/2020\/03\/DomaineMaigny-BastoW-300x259.jpg 300w\" sizes=\"(max-width: 454px) 100vw, 454px\" \/><figcaption class=\"wp-element-caption\"><em>Domaine de C.de Maigny partag\u00e9 avec F. Bastonneau (septembre 1538)<\/em><\/figcaption><\/figure>\n\n\n\n<p class=\"has-background\" style=\"background-color:#f5ba83;font-size:21px\">Etape 3 :&nbsp;&nbsp;Jean-Jacques de Mesmes<\/p>\n\n\n\n<p>Le 28 ao\u00fbt 1540 se dessine la troisi\u00e8me \u00e9tape : le r\u00e9v\u00e9rendissime cardinal de Tournon, abb\u00e9 de Saint-Germain-des-Pr\u00e9s, vendit \u00e0 Jean-Jacques de Mesmes, docteur en droit, seigneur de Roissy en France, conseiller du roi et lieutenant civil de la Pr\u00e9v\u00f4t\u00e9 de Paris une pi\u00e8ce de terre contenant deux arpents dix perches qui avait la particularit\u00e9 d&rsquo;\u00eatre en forme de potence comme on peut le constater sur le sch\u00e9ma ci-dessous<sup id=\"rf4-129\"><a href=\"#fn4-129\" title=\"A.N. ; M.C. ; VIII\/179, vente \u00e0 Jean-Jacques de Mesmes du 23\/08\/1540\" rel=\"footnote\">4<\/a><\/sup>.<\/p>\n\n\n\n<figure class=\"wp-block-image size-large\"><img loading=\"lazy\" decoding=\"async\" width=\"680\" height=\"481\" src=\"https:\/\/rue-de-seine.com\/wp-content\/uploads\/2020\/03\/Domaine-1540W-1.jpg\" alt=\"\" class=\"wp-image-133\" srcset=\"https:\/\/rue-de-seine.com\/wp-content\/uploads\/2020\/03\/Domaine-1540W-1.jpg 680w, https:\/\/rue-de-seine.com\/wp-content\/uploads\/2020\/03\/Domaine-1540W-1-300x212.jpg 300w\" sizes=\"(max-width: 680px) 100vw, 680px\" \/><figcaption class=\"wp-element-caption\"><em>0\u00f9 Jean-Jacques de Mesmes intervient<\/em><\/figcaption><\/figure>\n\n\n\n<p>Jean-Jacques de Mesmes \u00e9tait chevalier, seigneur de Roissy en France et autres lieux, il fut d&rsquo;abord conseiller et intendant de la reine de Navarre, Catherine de Foix, puis ambassadeur en Allemagne, en Suisse et en Espagne. Fran\u00e7ois Ier le fit ma\u00eetre des requ\u00eates de son H\u00f4tel . Il fut ensuite premier pr\u00e9sident au Parlement de Normandie. Ce fut lui qui n\u00e9gocia le mariage de Jeanne d&rsquo;Albret, fille du roi de Navarre avec Antoine de Bourbon, alliance qui amena plus tard sur le tr\u00f4ne de France son fils, le bon roi Henri IV &#8230;<\/p>\n\n\n\n<p>Donc \u00e0 cette \u00e9poque, l&#8217;emplacement de l&rsquo;h\u00f4tel de La Rochefoucauld avait trois propri\u00e9taires : Jean-Jacques de Mesmes qui poss\u00e9dait la partie vers la rue Bonaparte, Charles de Maigny qui avait la partie droite du futur h\u00f4tel ayant sa fa\u00e7ade sur la rue de Seine, et enfin Fran\u00e7ois Bastonneau qui en avait la partie de gauche.<\/p>\n\n\n\n<p class=\"has-background\" style=\"background-color:#f5ba83;font-size:21px\">\u00c9tape 4 :Charles de Maigny vend son terrain \u00e0 Nicole Dangu<\/p>\n\n\n\n<p>Dans une quatri\u00e8me \u00e9tape, Charles de Maigny\u00a0\u00a0revendit  son domaine le 9 d\u00e9cembre 1540 \u00e0 Nicole Dangu, \u00e9v\u00eaque de Seez\u00a0\u00a0devant les notaires Bastonneau et Maup\u00e9ou, \u00e0 la charge de payer \u00e0 l&rsquo;abbaye deux sols parisis de cens et 100 sols tournois (5 livres) de rente fonci\u00e8re et outre moyennant 25 \u00e9cus soleil pour lui-m\u00eame<sup id=\"rf5-129\"><a href=\"#fn5-129\" title=\"A.N. ;M.C. ; ET\/VIII\/179 , acte de vente par Charles de Maigny \u00e0 Nicole Dangu, \u00e9v\u00eaque de Seez du 9\/12\/1540\" rel=\"footnote\">5<\/a><\/sup>.<\/p>\n\n\n\n<p>Nicole Dangu \u00e9tait un enfant naturel du chancelier Duprat. Il&nbsp;&nbsp;fut abb\u00e9 de Juilly alors qu&rsquo;il \u00e9tait simple clerc du dioc\u00e8se de Chartres. Il deviendra par la suite conseiller, ma\u00eetre des requ\u00eates et chancelier du roi de Navarre. Il mourut en 1567 et dans la chapelle du coll\u00e8ge de Juilly se trouve une repr\u00e9sentation de lui, agenouill\u00e9.<\/p>\n\n\n\n<p class=\"has-background\" style=\"background-color:#f5ba83;font-size:21px\">Etape 5 : Jean-Jacques de Mesmes vend une partie de son terrain \u00e0 Nicole Dangu<\/p>\n\n\n\n<p>Les comptes de l&rsquo;abbaye des ann\u00e9es 1548-1549<sup id=\"rf6-129\"><a href=\"#fn6-129\" title=\"A.N. ; LL\/1125\" rel=\"footnote\">6<\/a><\/sup> r\u00e9v\u00e8lent qu&rsquo;au lieu de Charles de Maigny et de Jean-Jacques de Mesmes, on trouve Nicole Dangu, \u00e9v\u00eaque de Mende pour un arpent 3 quartiers de terre. Comme ce dernier avait acquis en 1540 un arpent de terre \u00e0 Charles de Maigny, par soustraction on peut en d\u00e9duire que Jean-Jacques de Mesmes avait vendu \u00e0 Nicole Dangu 3 quartiers pris sur la parcelle de deux arpents dix perches que le seigneur de Roissy poss\u00e9dait. Selon les tenants et les aboutissants cit\u00e9s dans le compte, la partie vendue \u00e9tait la partie de la potence derri\u00e8re les propri\u00e9t\u00e9s de Fran\u00e7ois Bastonneau et Nicole Dangu.<\/p>\n\n\n\n<p>La topologie des lieux des lieux chang\u00e8rent donc \u00e0 nouveau et prirent la configuration suivante :<\/p>\n\n\n\n<figure class=\"wp-block-image size-large\"><img loading=\"lazy\" decoding=\"async\" width=\"709\" height=\"501\" src=\"https:\/\/rue-de-seine.com\/wp-content\/uploads\/2020\/03\/Domaine-DanguW-1.jpg\" alt=\"\" class=\"wp-image-135\" srcset=\"https:\/\/rue-de-seine.com\/wp-content\/uploads\/2020\/03\/Domaine-DanguW-1.jpg 709w, https:\/\/rue-de-seine.com\/wp-content\/uploads\/2020\/03\/Domaine-DanguW-1-300x212.jpg 300w\" sizes=\"(max-width: 709px) 100vw, 709px\" \/><figcaption class=\"wp-element-caption\"><em>Jean-Jacques de Mesmes vend \u00e0 N. Dangu une partie de la potence<\/em><\/figcaption><\/figure>\n\n\n\n<p><a href=\"http:\/\/www.rue-de-seine.com\/wp-content\/uploads\/2017\/02\/DomaineDanguW.jpg\"><\/a><\/p>\n\n\n\n<p>Comme on le voit sur ce plan de reconstitution, la partie quadrill\u00e9e qui repr\u00e9sente l&#8217;emplacement de l&rsquo;h\u00f4tel de Liancourt (La Rochefoucauld) n&rsquo;appartenait pas dans son entier \u00e0 Nicolas Dangu et par la suite \u00e0 la famille de Montpensier, une enclave persista jusqu&rsquo;en 1612, elle avait pour&nbsp;propri\u00e9taire les descendants de Fran\u00e7ois Bastonneau.<\/p>\n\n\n\n<p class=\"has-background\" style=\"background-color:#f5ba83;font-size:21px\">\u00c9tape 6 : Les ducs de Montpensier de 1570 \u00e0 1602&nbsp;<\/p>\n\n\n\n<p>Nous n&rsquo;avons pas pu d\u00e9terminer combien d&rsquo;ann\u00e9es Nicole Dangu poss\u00e9da les lieux. Nous savons seulement que le propri\u00e9taire suivant fut J\u00e9r\u00f4me de Burgensis. En effet, nous avons pu apprendre gr\u00e2ce l&rsquo;inventaire apr\u00e8s d\u00e9c\u00e8s de Marie de Bourbon<sup id=\"rf7-129\"><a href=\"#fn7-129\" title=\"A.N. ; M.C. ; XXXVI\/138 P62\" rel=\"footnote\">7<\/a><\/sup> que J\u00e9r\u00f4me de Burgensis, \u00e9v\u00eaque de Chalons-en-Champagne, vendit le 27 septembre 1570 \u00e0 Louis de Bourbon, duc de Montpensier et \u00e0 sa fille Anne de Bourbon, duchesse douairi\u00e8re de Nivernois, veuve de Fran\u00e7ois de Cl\u00e8ves&nbsp;&nbsp;\u00ab\u00a0une grande maison consistant en trois grands corps d&rsquo;h\u00f4tel, cour et jardin sise au faubourg Saint-Germain-des-Pr\u00e9s rue de Seine\u00a0\u00bb. Ce furent les notaires Le Normand et Denetz qui sign\u00e8rent le contrat.&nbsp;&nbsp;Malheureusement, l&rsquo;acte n&rsquo;existe plus &#8230;<\/p>\n\n\n\n<p>Anne de Bourbon, duchesse douairi\u00e8re de Nevers, habitait l&rsquo;h\u00f4tel lorsqu&rsquo;elle dicta son testament et plusieurs codicilles. Elle instituait comme h\u00e9ritier son fr\u00e8re unique, Fran\u00e7ois de Bourbon. Lorsque ce dernier constitua une rente \u00e0 Pierre de Rochefort, avocat au Parlement, pour payer les legs faits \u00e0 diverses personnes par sa soeur, il l&rsquo;assigna entre autres choses sur l&rsquo;<em>h\u00f4tel Dauphin<\/em> dont il venait d&rsquo;entrer en possession.&nbsp;&nbsp;Comme il fut prince dauphin d&rsquo;Auvergne jusqu&rsquo;\u00e0 la mort de son p\u00e8re survenue en 1582, on appela&nbsp;&nbsp;commun\u00e9ment les lieux&nbsp;&nbsp;\u00ab\u00a0l&rsquo;<em>h\u00f4tel Dauphin<\/em>\u00ab\u00a0.<\/p>\n\n\n\n<p>Fran\u00e7ois de Bourbon guerroya tr\u00e8s courageusement pour le roi&nbsp;&nbsp;durant toute sa vie. Pendant les guerres de religion, le roi lui donna le gouvernement de plusieurs provinces. Il combattit les protestants mais refusa de faire partie de la \u00ab\u00a0Sainte Ligue\u00a0\u00bb qui avait \u00e0 sa t\u00eate la famille de Guise. Il fut charg\u00e9 aussi de demander la main de la reine Elisabeth d&rsquo;Angleterre pour le duc d&rsquo;Alen\u00e7on, fr\u00e8re du roi. Il se rendit \u00e0 Londres avec une suite de 500 personnes et un cort\u00e8ge de 800 chevaux ! Malgr\u00e9 toute cette pompe d\u00e9ploy\u00e9e, il ne rapporta en France aucune promesse. Lorsque Henri III mourut, il se rallia \u00e0 Henri IV et se battit \u00e0 Arques et \u00e0 Ivry. <\/p>\n\n\n<div class=\"wp-block-image\">\n<figure class=\"aligncenter size-large\"><img loading=\"lazy\" decoding=\"async\" width=\"172\" height=\"165\" src=\"https:\/\/rue-de-seine.com\/wp-content\/uploads\/2021\/06\/Frs-de-BourbonW.jpg\" alt=\"\" class=\"wp-image-542\"\/><figcaption class=\"wp-element-caption\">Portrait de Fran\u00e7ois de Bourbon<\/figcaption><\/figure><\/div>\n\n\n<p>Apr\u00e8s avoir combattu la Ligue aux c\u00f4t\u00e9s d&rsquo;Henri IV \u00e0 Arques et Ivry, Fran\u00e7ois de Bourbon, duc de Montpensier, mourut d&rsquo;\u00e9puisement \u00e0 Lisieux le 4 juin 1592<sup id=\"rf8-129\"><a href=\"#fn8-129\" title=\"&lt;em&gt;Les ducs de Montpensier&lt;\/em&gt;&nbsp;par Gabriel Depeyre&nbsp;&nbsp;page 51, ouvrage qu&rsquo;on peut consulter sur Gallica\" rel=\"footnote\">8<\/a><\/sup>.<\/p>\n\n\n\n<div class=\"wp-block-media-text alignwide has-media-on-the-right is-stacked-on-mobile\"><div class=\"wp-block-media-text__content\">\n<p class=\"has-normal-font-size\">Fran\u00e7ois de Bourbon avait \u00e9pous\u00e9 en 1566 la tr\u00e8s jeune et tr\u00e8s belle Ren\u00e9e d&rsquo;Anjou, marquise de M\u00e9zi\u00e8res et comtesse de Saint-Fargeau. Elle \u00e9tait la fille de Nicolas d&rsquo;Anjou et de Gabrielle de Mareuil et n&rsquo;avait que 16 ans au jour de ses \u00e9pousailles. Elle lui donna en 1573 un fils pr\u00e9nomm\u00e9 Henri. Malheureusement, elle \u00e9tait de sant\u00e9 fragile. On d\u00e9couvre dans le chartrier de Saint-Fargeau, au chapitre des d\u00e9penses de Fran\u00e7ois de Montpensier, que le 12 septembre 1572, elle \u00e9tait au lit, malade, soign\u00e9e par son m\u00e9decin Violle qui venait tous les jours et lui administrait de l&rsquo;huile de Rozat. <\/p>\n<\/div><figure class=\"wp-block-media-text__media\"><img loading=\"lazy\" decoding=\"async\" width=\"167\" height=\"169\" src=\"https:\/\/rue-de-seine.com\/wp-content\/uploads\/2020\/03\/Ren\u00e9e-dAnjouW-1.jpg\" alt=\"\" class=\"wp-image-188 size-full\"\/><\/figure><\/div>\n\n\n\n<p>On disait quotidiennement des messes pour elle \u00e0 Sainte-Genevi\u00e8ve. Son mari qui \u00e9tait loin pour le service du roi lui envoyait un messager pour&nbsp;&nbsp;prendre de ses nouvelles et des joueurs d&rsquo;\u00e9pinette pour la distraire de ses tourments. Son \u00e9tat dut empirer : elle&nbsp;&nbsp;fit son testament en son h\u00f4tel de la rue de Seine le 31 octobre 1577. Les historiens ne connaissent pas la date de son&nbsp;&nbsp;d\u00e9c\u00e8s. Ils parlent d&rsquo;une mort \u00ab\u00a0dans la fleur de l&rsquo;\u00e2ge\u00a0\u00bb. On peut cependant dire qu&rsquo;elle mourut entre le dernier trimestre de 1577, date de son testament, et 1582, date \u00e0 laquelle Fran\u00e7ois de Bourbon-Montpensier attaqua sa belle-m\u00e8re, la marquise de M\u00e9zi\u00e8res, au sujet du testament de&nbsp;&nbsp;\u00ab\u00a0feue la princesse Dauphine\u00a0\u00bb. On peut m\u00eame sans doute resserrer l&rsquo;incertitude puisque dans le chartier de Saint-Fargeau consultable aux Archives Nationales sur le site de Peyrefitte on trouve la mention d&rsquo;un acte dat\u00e9 du&nbsp;<strong>mardi 31 d\u00e9cembre 1577&nbsp;<\/strong>sign\u00e9 Nutrat et Peyrat notaires. Dans ce document, Esprit Aubert et Pierre Leroux, ma\u00eetres \u00ab\u00a0bastiers de mulets\u00a0\u00bb, confessent avoir re\u00e7u de Gabrielle de Mareuil, donc la m\u00e8re de Ren\u00e9e d&rsquo;Anjou, la somme de 128 livres pour avoir fait des&nbsp;livraisons en 1574 en l&rsquo;<em>h\u00f4tel Dauphin<\/em>&nbsp;o\u00f9 logeait la<strong>&nbsp;feue dame princesse<\/strong>&nbsp;<sup id=\"rf9-129\"><a href=\"#fn9-129\" title=\"A.N. ; 90AP\/24\" rel=\"footnote\">9<\/a><\/sup><strong>.<\/strong>&nbsp;La pauvre Ren\u00e9e d&rsquo;Anjou aurait donc quitt\u00e9 ce monde entre le 1er novembre et le 31 d\u00e9cembre 1577.<\/p>\n\n\n\n<p>Apr\u00e8s le d\u00e9c\u00e8s de Fran\u00e7ois de Bourbon, lui succ\u00e9da son fils Henri de Bourbon qui devint ainsi le troisi\u00e8me&nbsp;&nbsp;duc de Montpensier. Au moment de la mort de son p\u00e8re, il \u00e9tait en Bretagne pourchassant le duc de Mercoeur&nbsp;&nbsp;qui faisait partie de la Ligue. Il fut comme son p\u00e8re un tr\u00e8s valeureux guerrier qui re\u00e7ut une grave blessure \u00e0 Dreux (1593). Malgr\u00e9 tout, il se remit en campagne et participa \u00e0 la prise de Cambrai, de la F\u00e8re&nbsp;&nbsp;et de Calais. Sa blessure ne gu\u00e9rira jamais et il s&rsquo;\u00e9teignit \u00e0 Paris en 1608. Le roi Henri IV qui l&rsquo;aimait beaucoup lui fit des fun\u00e9railles somptuaires.<\/p>\n\n\n\n<p>Henri de Bourbon garda l&rsquo;h\u00f4tel Dauphin au moins jusqu&rsquo;en 1602 puisque dans un acte dat\u00e9 du 27 f\u00e9vrier de cette ann\u00e9e<sup id=\"rf10-129\"><a href=\"#fn10-129\" title=\"A.N. ; M.C.; VIII.120; acte du 27\/02\/1602\" rel=\"footnote\">10<\/a><\/sup>, Henri de Bourbon, duc de Montpensier, fit racheter par Fran\u00e7ois Redont, sieur de Neuillac,&nbsp;&nbsp;une rente assign\u00e9e sur l&rsquo;h\u00f4tel Dauphin, stipulant que le sieur de Neuillac serait \u00ab\u00a0rembours\u00e9 sur les deniers qui proviendront de la vente par adjudication de l&rsquo;h\u00f4tel Dauphin qui doit \u00eatre faite par d\u00e9cret\u00a0\u00bb&nbsp;&nbsp;et que \u00ab\u00a0le surplus de l&rsquo;adjudication irait\u00a0\u00bb \u00e0 un certain sieur Blondel aussi cr\u00e9ancier du duc.<\/p>\n\n\n\n<p class=\"has-background\" style=\"background-color:#f5ba83;font-size:21px\">Etape 7 : Fran\u00e7ois Redont, seigneur de Neuillac<\/p>\n\n\n\n<p>En effet, succ\u00e9da comme propri\u00e9taire un certain sieur de Neuillac<sup id=\"rf11-129\"><a href=\"#fn11-129\" title=\"Et non P\u00e9nillac comme l&rsquo;affirme M. Berty dans sa&nbsp;&lt;em&gt;Topographie historique du vieux Paris&lt;\/em&gt;\" rel=\"footnote\">11<\/a><\/sup> comme on peut le constater sur le document suivant extrait du cueilleret de l&rsquo;abbaye de Saint-Germain-des-Pr\u00e9s commenc\u00e9 en avril 1595 et termin\u00e9 en 1607&nbsp;&nbsp;<sup id=\"rf12-129\"><a href=\"#fn12-129\" title=\"A.N. ; S 3058\" rel=\"footnote\">12<\/a><\/sup>.<\/p>\n\n\n\n<figure class=\"wp-block-image size-large\"><img loading=\"lazy\" decoding=\"async\" width=\"700\" height=\"233\" src=\"https:\/\/rue-de-seine.com\/wp-content\/uploads\/2020\/03\/Dec_NeuillacW.jpg\" alt=\"\" class=\"wp-image-131\" srcset=\"https:\/\/rue-de-seine.com\/wp-content\/uploads\/2020\/03\/Dec_NeuillacW.jpg 700w, https:\/\/rue-de-seine.com\/wp-content\/uploads\/2020\/03\/Dec_NeuillacW-300x100.jpg 300w\" sizes=\"(max-width: 700px) 100vw, 700px\" \/><figcaption class=\"wp-element-caption\"><em>D\u00e9claration de Fran\u00e7ois Redon, sieur de Neuillac<\/em><\/figcaption><\/figure>\n\n\n\n<p>Ce seigneur de Neuillac est Fran\u00e7ois Redont (alias Redon). Il fut maire d&rsquo;Angoul\u00eame en 1578 et par la suite \u00e9chevin de cette ville jusqu&rsquo;\u00e0 sa mort survenue en 1607. Fils et petit-fils de notaires, il avait acquis une immense fortune comme receveur du talion. Nous avons pu trouver dans les<em>&nbsp;M\u00e9moires du duc d&rsquo;Epernon<\/em>&nbsp;&nbsp;Fran\u00e7ois Redont, sieur de Neuillac connu du fait qu&rsquo;il pr\u00eata en 1592 au duc d&rsquo;Eperon la coquette somme de 50 000 \u00e9cus afin que ce dernier puisse \u00e9quiper son arm\u00e9e. Grand prince, le sieur de Neuillac ne demanda aucun acte notari\u00e9 au duc, une simple signature jet\u00e9e sur un bout de papier lui suffit. Fran\u00e7ois Redont avait acquis de Henri de Bourbon, duc de&nbsp;Montpensier, la seigneurie de Pransac en 1595 puis celle de Thur\u00e9 en 1596 et enfin l&rsquo;<em>h\u00f4tel Dauphin<\/em>&nbsp;vers 1602-1603. Il jouait en quelque sorte le r\u00f4le de banquier aupr\u00e8s du duc de Montpensier&nbsp;&nbsp;en lui pr\u00eatant&nbsp;&nbsp;de l&rsquo;argent, ou en rachetant ses dettes comme en t\u00e9moignent de tr\u00e8s nombreux actes notari\u00e9s des \u00e9tudes VIII, XXIII, LXXVIII ou CXVI .<\/p>\n\n\n\n<p>De sa femme Guillemine Jargilhon (alias Jargillon) il avait eu un fils Jean et trois filles dont l&rsquo;une, Marie, \u00e9pousa un certain Martin Martineau.<\/p>\n\n\n\n<p>Fran\u00e7ois Redont mourut en 1607 apr\u00e8s avoir fait partage entre vifs de ses biens avec sa femme Guillemine Jargilhon le 8 mai 1606 devant Me Suchet, partage par lequel il donnait \u00e0 son fils Jean la moiti\u00e9 de ses biens et l&rsquo;autre moiti\u00e9 \u00e0 ses trois filles qui recevaient ainsi chacune 1\/6e de la fortune de Fran\u00e7ois Redont.<\/p>\n\n\n\n<p class=\"has-background\" style=\"background-color:#f5ba83;font-size:21px\">\u00c9tape 8 : Fran\u00e7ois Martineau<\/p>\n\n\n\n<p>Tout naturellement, le propri\u00e9taire suivant fut son gendre, Martin Martineau, qui \u00e9tait conseiller secr\u00e9taire du roi. Il s&rsquo;occupait des affaires du duc de Montpensier et figure dans de nombreux actes concernant le prince des Dombes. En d\u00e9cembre 1610, Charlotte de Nassau, princesse d&rsquo;Orange et veuve du duc de La Tr\u00e9moille, munie d&rsquo;une procuration d&rsquo;Henri de La Tour, duc de Bouillon, loua pour deux ans \u00e0 Martin Martineau la partie droite de la maison, petite cour, grande cour et jardin. Martin Martineau r\u00e9serva \u00e0 son usage personnel le corps de logis donnant sur la rue<sup id=\"rf13-129\"><a href=\"#fn13-129\" title=\"A.N. ; M.C. ; XXIII\/241 F\u00b0452, bail \u00e0 Henri de La Tour en date du 20\/12\/1610\" rel=\"footnote\">13<\/a><\/sup>.<\/p>\n\n\n\n<p class=\"has-background\" style=\"background-color:#f5ba83;font-size:21px\">\u00c9tape 9 : 1612. O\u00f9 le duc de Bouillon r\u00e9unit deux h\u00f4tels<\/p>\n\n\n\n<p>Le duc de Bouillon devait bien se plaire dans cet h\u00f4tel puisqu&rsquo;il n&rsquo;attendit point la fin du bail de deux ans pour acheter l&rsquo;ancien&nbsp;<em>h\u00f4tel Dauphin<\/em>&nbsp;\u00e0 Martin Martineau : le 7 mars 1612, devant le notaire Hautdesens, il acquit de Martin Martineau, baron de Thur\u00e9 la \u00ab\u00a0grande maison appel\u00e9e&nbsp;<em>h\u00f4tel Dauphin \u00ab\u00a0<\/em><sup id=\"rf14-129\"><a href=\"#fn14-129\" title=\"A.N. ; M.C. ; LIV\/479 ; vente du 7\/03\/1612\" rel=\"footnote\">14<\/a><\/sup>.&nbsp;L&rsquo;acte de vente d\u00e9crit tr\u00e8s peu les b\u00e2timents : l<em>&lsquo;h\u00f4tel Dauphin&nbsp;<\/em>consistait en plusieurs corps de b\u00e2timents, cours et jardins. Il versa au sieur Martineau l&rsquo;\u00e9norme somme de 90 000 livres pour entrer en possession de cet h\u00f4tel.<\/p>\n\n\n<div class=\"wp-block-image\">\n<figure class=\"alignleft size-large\"><img loading=\"lazy\" decoding=\"async\" width=\"303\" height=\"415\" src=\"https:\/\/rue-de-seine.com\/wp-content\/uploads\/2020\/03\/Portrait-BouillonW.jpg\" alt=\"\" class=\"wp-image-186\" srcset=\"https:\/\/rue-de-seine.com\/wp-content\/uploads\/2020\/03\/Portrait-BouillonW.jpg 303w, https:\/\/rue-de-seine.com\/wp-content\/uploads\/2020\/03\/Portrait-BouillonW-219x300.jpg 219w\" sizes=\"(max-width: 303px) 100vw, 303px\" \/><figcaption class=\"wp-element-caption\">Portrait d&rsquo;Henry de La Tour, duc de Bouillon<\/figcaption><\/figure><\/div>\n\n\n<p>Quelques mois plus tard, le 9 juillet 1612, le mar\u00e9chal de Bouillon acquit la<em>&nbsp;<\/em>maison voisine qui avait \u00e9t\u00e9 la propri\u00e9t\u00e9 de Fran\u00e7ois Bastonneau, notaire et qui faisait enclave depuis plus de 70 ans. La nouvelle propri\u00e9taire \u00e9tait Marie Bastonneau, veuve d\u2019un auditeur \u00e0 la Chambre des Comptes et petite-fille du tr\u00e8s connu notaire. La vente se fit moyennant une rente de 1200 livres rachetable \u00e0 24 000 livres et en outre \u00e0 la charge de maintenir dans les lieux un locataire qui \u00e9tait lieutenant dans la compagnie des chevaux-l\u00e9gers du roi<sup id=\"rf15-129\"><a href=\"#fn15-129\" title=\"A.N. ; M.C. ; LIV\/479, acte du 9 juillet 1612\" rel=\"footnote\">15<\/a><\/sup>. La maison se pr\u00e9sentait alors avec deux corps d&rsquo;h\u00f4tel joignants, une grande cour et une petite cour qui d\u00e9pendait d&rsquo;un des deux corps de b\u00e2timent qui comportait de surcroit une \u00e9curie. Un jardin se trouvait derri\u00e8re qui touchait le petit pr\u00e9 aux clercs. Marie Bastonneau avait h\u00e9rit\u00e9 la propri\u00e9t\u00e9 de sa soeur Louise qui \u00e9tait d\u00e9c\u00e9d\u00e9e le 25 ao\u00fbt 1601. Cette derni\u00e8re avait perdu le 3 septembre 1599 son \u00e9poux, J\u00e9r\u00f4me Bureau, conseiller du roi et auditeur en la chambre des comptes qui avait donn\u00e9 par deux fois l&rsquo;une des deux maisons. La premi\u00e8re fois, il c\u00e9da en 1592, entre autres choses, par don irr\u00e9vocable entre vifs la moiti\u00e9 par indivis de la maison cour et jardin qui tenait \u00e0 droite \u00e0&nbsp;<em>l&rsquo;h\u00f4tel du Prince-Dauphin<\/em>&nbsp;et \u00e0 gauche \u00e0&nbsp;&nbsp;la maison de sa femme Louise Bastonneau. Cette maison leur appartenait, \u00e0 lui et sa femme, chacun par moiti\u00e9, par la vente que lui avait faite son beau-fr\u00e8re Fran\u00e7ois Bastonneau<sup id=\"rf16-129\"><a href=\"#fn16-129\" title=\"A.N. ; Y133 F\u00b057 V\u00b0, ; donation de J\u00e9r\u00f4me Bureau \u00e0 son fr\u00e8re du 6 ao\u00fbt 1592\" rel=\"footnote\">16<\/a><\/sup>. La deuxi\u00e8me donation eut lieu en 1595 en faveur de Ennemond Servient, son beau-fr\u00e8re, \u00e0 cause des bons services qu&rsquo;il lui a rendu \u00ab\u00a0mesmes depuis le commandement des pr\u00e9sents troubles et lorsqu&rsquo;il fut pris prisonnier en sa maison es-dictz faubourgs Sainct-Germain-des-Pr\u00e9s \u00e0 la feste de la Toussaint 1589\u00a0\u00bb. Il s&rsquo;agit de la m\u00eame maison qui tenait \u00e0 main droite \u00e0 \u00ab\u00a0l&rsquo;hostel de monseigneur le duc de Montpensier\u00a0\u00bb<sup id=\"rf17-129\"><a href=\"#fn17-129\" title=\"A.N. ; Y134 F\u00b0425 V\u00b0, donation de J\u00e9r\u00f4me Bureau du 27\/09\/1595\" rel=\"footnote\">17<\/a><\/sup><\/p>\n\n\n\n<p>Par ces deux acquisitions, le duc de Bouillon eut entre ses mains la totalit\u00e9 de l&rsquo;espace qui fut ensuite occup\u00e9 par l&rsquo;h\u00f4tel de Liancourt puis de la Rochefoucauld, \u00e0 l&rsquo;exception de deux petites maisons de la rue des Marais(Visconti) qui furent acquises plus tard.<\/p>\n\n\n\n<figure class=\"wp-block-image size-large\"><img loading=\"lazy\" decoding=\"async\" width=\"709\" height=\"501\" src=\"https:\/\/rue-de-seine.com\/wp-content\/uploads\/2020\/03\/Domaine-BouillonW-1.jpg\" alt=\"\" class=\"wp-image-134\" srcset=\"https:\/\/rue-de-seine.com\/wp-content\/uploads\/2020\/03\/Domaine-BouillonW-1.jpg 709w, https:\/\/rue-de-seine.com\/wp-content\/uploads\/2020\/03\/Domaine-BouillonW-1-300x212.jpg 300w\" sizes=\"(max-width: 709px) 100vw, 709px\" \/><\/figure>\n\n\n\n<p>Impatient d&rsquo;avoir son h\u00f4tel bien \u00e0 lui, le duc de Bouillon n\u2019attendit que deux mois pour faire proc\u00e9der \u00e0 des remaniements et des constructions dans son nouveau domaine<sup id=\"rf18-129\"><a href=\"#fn18-129\" title=\"A.N. ; M.C. ; XXIV\/245 ; 1\/09\/1612, march\u00e9 de travaux de ma\u00e7onnerie, menuiserie &#8230; \" rel=\"footnote\">18<\/a><\/sup>. Il choisit Salomon de Brosse, un architecte tr\u00e8s pris\u00e9 qui construisait \u00e0 la m\u00eame \u00e9poque le palais du Luxembourg pour la reine Marie de M\u00e9dicis, veuve d&rsquo;Henri IV. Il choisit de r\u00e9utiliser une partie de l&rsquo;<em>h\u00f4tel Dauphin<\/em>&nbsp;en le compl\u00e9tant par un grand corps de logis de 14 toises de long (un peu plus de 27m) sur 24 pieds de large (8m environ). Il lui en co\u00fbta 25 000 livres !<\/p>\n\n\n<div class=\"wp-block-image\">\n<figure class=\"aligncenter size-large\"><img loading=\"lazy\" decoding=\"async\" width=\"425\" height=\"219\" src=\"https:\/\/rue-de-seine.com\/wp-content\/uploads\/2020\/03\/Signatures-Bouillon-de-BrosseW.jpg\" alt=\"\" class=\"wp-image-185\" srcset=\"https:\/\/rue-de-seine.com\/wp-content\/uploads\/2020\/03\/Signatures-Bouillon-de-BrosseW.jpg 425w, https:\/\/rue-de-seine.com\/wp-content\/uploads\/2020\/03\/Signatures-Bouillon-de-BrosseW-300x155.jpg 300w\" sizes=\"(max-width: 425px) 100vw, 425px\" \/><figcaption class=\"wp-element-caption\">Signature de Henry de la Tour au bas du march\u00e9 entre celui-ci et Desbrosses et Le Mercier<\/figcaption><\/figure><\/div>\n\n\n<p>N\u00e9 au ch\u00e2teau de Joze pr\u00e8s de Clermont le 28 septembre 1555, Henri de La Tour, duc de Bouillon, prince de Rocourt, souverain de Sedan, vicomte de Turenne, premier mar\u00e9chal de France&nbsp;&nbsp;eut un parrain prestigieux : le roi Henri II. Sa m\u00e8re mourut deux ans apr\u00e8s sa naissance et son p\u00e8re d\u00e9c\u00e9da alors qu&rsquo;il n&rsquo;avait que quatre ans. Il fut donc \u00e9lev\u00e9 par son grand-p\u00e8re maternel, le conn\u00e9table de Montmorency, qui lui fit donner une \u00e9ducation toute militaire et fr\u00e9quenter la Cour. Il se convertit au protestantisme apr\u00e8s la Saint-Barth\u00e9lemy et ne s\u2019en d\u00e9partit jamais malgr\u00e9 les pressions de son entourage. Il rentra au service du futur Henri IV qu\u2019il servit avec passion et fid\u00e9lit\u00e9. En r\u00e9compense, Henri IV lui permit d\u2019\u00e9pouser Charlotte de La Marck qui lui apporta les titres de duc de Bouillon et de prince de Sedan (d\u00e9tail curieux, elle \u00e9tait la ni\u00e8ce du duc de Montpensier, ancien propri\u00e9taire de l&rsquo;h\u00f4tel Dauphin !) . Henri IV signa le trait\u00e9 de mariage le 15 octobre 1591 et le fit mar\u00e9chal de France l&rsquo;ann\u00e9e suivante ! Malheureusement son \u00e9pouse mourut 3 ans plus tard au ch\u00e2teau de Sedan des suites d&rsquo;un accouchement d&rsquo;un fils mort-n\u00e9.<\/p>\n\n\n\n<div class=\"wp-block-media-text alignwide is-stacked-on-mobile\"><figure class=\"wp-block-media-text__media\"><img loading=\"lazy\" decoding=\"async\" width=\"285\" height=\"452\" src=\"https:\/\/rue-de-seine.com\/wp-content\/uploads\/2020\/03\/portrait-Duc-de-BouillonW.jpg\" alt=\"\" class=\"wp-image-194 size-full\" srcset=\"https:\/\/rue-de-seine.com\/wp-content\/uploads\/2020\/03\/portrait-Duc-de-BouillonW.jpg 285w, https:\/\/rue-de-seine.com\/wp-content\/uploads\/2020\/03\/portrait-Duc-de-BouillonW-189x300.jpg 189w\" sizes=\"(max-width: 285px) 100vw, 285px\" \/><\/figure><div class=\"wp-block-media-text__content\">\n<p style=\"font-size:17px\">Elle avait l\u00e9gu\u00e9 \u00e0 son \u00e9poux ses terres souveraines : le duch\u00e9 de Bouillon et la principaut\u00e9 de Sedan. Charles Robert de La Mark, oncle de Charlotte et le duc de Montpensier contest\u00e8rent ce testament et il fallut recourir \u00e0 Henri IV pour en obtenir l&rsquo;application<sup id=\"rf19-129\"><a href=\"#fn19-129\" title=\"Article de Jean Luc Tulot que l&rsquo;on peut trouver avec le lien suivant : http:\/\/jeanluc.tulot.pagesperso-orange.fr\/Henridelatour.pdf\" rel=\"footnote\">19<\/a><\/sup>.<\/p>\n<\/div><\/div>\n\n\n\n<p>Veuf,&nbsp;&nbsp;il rencontra, lors d\u2019un s\u00e9jour \u00e0 la Cour, la princesse d\u2019Orange, Louise de Coligny, qui y \u00e9tait venue avec ses deux belles-filles, Elisabeth et Charlotte-Brabantine de Nassau. Henri de La Tour d\u2019Auvergne sollicita la main d\u2019Elisabeth de Nassau et l\u2019\u00e9pousa le 16 f\u00e9vrier 1595. Par ce mariage il s\u2019alliait \u00e0 une maison souveraine alli\u00e9 \u00e0 toutes les cours princi\u00e8res d\u2019Allemagne. Il \u00e9tait tr\u00e8s amoureux de sa nouvelle femme qui lui donna neuf enfants dont l&rsquo;un deviendra par la suite le \u00ab\u00a0grand Turenne\u00a0\u00bb. En 1602, impliqu\u00e9 dans la conspiration du mar\u00e9chal de Biron, il d\u00fbt se retirer dans sa vicomt\u00e9 de Turenne. Henri IV le somma de se justifier mais au lieu d&rsquo;ob\u00e9ir, il passa dans le Palatinat o\u00f9 il resta jusqu&rsquo;\u00e0 qu&rsquo;il se r\u00e9concilia avec lui. Le boulet de la col\u00e8re du roi \u00e9tait pass\u00e9 bien pr\u00e8s de ses moustaches !<\/p>\n\n\n\n<div class=\"wp-block-media-text alignwide has-media-on-the-right is-stacked-on-mobile\"><div class=\"wp-block-media-text__content\">\n<p class=\"has-normal-font-size\"><em>Portrait d&rsquo;Elisabeth de Nassau, femme d&rsquo;Henri de La Tour, duc de Bouillon<\/em><\/p>\n<\/div><figure class=\"wp-block-media-text__media\"><img loading=\"lazy\" decoding=\"async\" width=\"210\" height=\"265\" src=\"https:\/\/rue-de-seine.com\/wp-content\/uploads\/2020\/03\/portrait-Elizabeth-de-NassauW-e1585217825338.jpg\" alt=\"\" class=\"wp-image-144 size-full\"\/><\/figure><\/div>\n\n\n\n<p>Mais \u00e0 partir de 1612, son \u00e9tat de sant\u00e9 se d\u00e9grada. Il \u00e9tait atteint de crises de goutte de plus en plus fr\u00e9quentes au point qu&rsquo;il ne pouvait ni marcher, ni \u00e9crire.<\/p>\n\n\n\n<p>C&rsquo;est \u00e0 cette \u00e9poque qu&rsquo;il acquit la maison des Bastonneau et l&rsquo;h\u00f4tel Dauphin. Pour r\u00e9unir les deux propri\u00e9t\u00e9s de fa\u00e7on coh\u00e9rente, il fit appel \u00e0 l&rsquo;architecte Salomon de Brosse, huguenot comme lui. Celui-ci garda les b\u00e2timents de droite qui faisait partie de l&rsquo;ancien h\u00f4tel Dauphin et&nbsp;&nbsp;construisit un corps d&rsquo;h\u00f4tel plus un pavillon \u00e0 l&rsquo;identique du pavillon de droite \u00e0 la place de la maison des Bastonneau. Le nouveau b\u00e2timent s&rsquo;\u00e9tendit sur 14 toises de long (environ 24m) sur 24 pieds de large (un peu moins de 8m). Du c\u00f4t\u00e9 du jardin, entre les deux pavillons&nbsp;&nbsp;extr\u00eames, il fit faire une grande terrasse \u00e0 balustres \u00e0 claire voie et quelques marches de cliquant pour y acc\u00e9der<sup id=\"rf20-129\"><a href=\"#fn20-129\" title=\"A.N. ; M.C. ; XXIV\/245, march\u00e9 entre le duc de Bouillon et Salomon de Brosse du 1er septembre 1612\" rel=\"footnote\">20<\/a><\/sup>.<\/p>\n\n\n\n<p>Les travaux termin\u00e9s, il fit appel \u00e0 Jean Le N\u00f4tre pour am\u00e9nager le nouveau jardin qui r\u00e9unit celui du duc de Montpensier \u00e0 celui des h\u00e9ritiers Bastonneau. Il lui demanda d&rsquo;arracher tout ce qui existait dans les anciens jardins, d&rsquo;aplanir le terrain, de retirer les gravas que les ma\u00e7ons avaient laiss\u00e9s en les enfouissant dans les futures all\u00e9es , de planter tout le long des murailles \u00e0 droite et \u00e0 gauche du jardin des espaliers d&rsquo;arbres fruitiers qui seront attach\u00e9s aux murs par des crampons de fer, de faire un parterre carr\u00e9 de la largeur du jardin plant\u00e9 de buis selon le dessin fourni par le duc. Le milieu du parterre devait recevoir les plus beaux arbres \u00e0 fleurs trouv\u00e9s en France ou \u00e0 l&rsquo;\u00e9tranger. Le pourtour du jardin devait \u00eatre des all\u00e9es sabl\u00e9es. Dans le fond du jardin, du c\u00f4t\u00e9 de la rue Bonaparte (rue de la Petite Seine \u00e0 l&rsquo;\u00e9poque), on trouvait un bosquet d&rsquo;ormes, d&rsquo;\u00e9rables et de charmes. Le sieur Le N\u00f4tre re\u00e7ut la somme de 1000 livres pour ces travaux<sup id=\"rf21-129\"><a href=\"#fn21-129\" title=\"A.N. ; M.C. LIV\/481; acte du 7 ao\u00fbt 1613\" rel=\"footnote\">21<\/a><\/sup>. Le m\u00eame jour, le duc de Bouillon signa un contrat d&rsquo;entretien avec Pierre Bouchard, ma\u00eetre jardinier, pour arroser, renouveler les plantes \u00e0 fleurs, les buis et arbres fruitiers. Il ne pourrait ni vendre, ni donner des fruits et des fleurs \u00ab\u00a0tant que monseigneur ou madame seraient \u00e0 Paris. Le duc offrait le logement pour lui et sa famille, et un salaire de 300 livres par an<\/p>\n\n\n\n<p>La sant\u00e9 du duc de Bouillon ne s&rsquo;am\u00e9liora gu\u00e8re au cours des ann\u00e9es suivants et il mourut le 25 mars 1623 \u00e0 Sedan.<\/p>\n\n\n\n<p>La famille garda l&rsquo;h\u00f4tel pendant plusieurs ann\u00e9es encore&#8230; jusqu&rsquo;au 5 f\u00e9vrier 1631, date \u00e0 laquelle Fr\u00e9d\u00e9ric Maurice de La Tour, duc de Bouillon se pr\u00e9senta devant les notaires Hautdesens et Richer en compagnie d&rsquo;Andr\u00e9 Justel qui repr\u00e9sentait la duchesse douairi\u00e8re de Bouillon pour vendre \u00e0 haut et puissant seigneur Roger du Plessis, seigneur de Liancourt, comte de La Rocheguyon et de Beaumont sur Oise et \u00e0 Jeanne de Schomberg, son \u00e9pouse pour la somme de 129 000 livres<sup id=\"rf22-129\"><a href=\"#fn22-129\" title=\"A.N. ; M.C ; LI\/ 161, 5 f\u00e9vrier 1631\" rel=\"footnote\">22<\/a><\/sup><\/p>\n\n\n\n<figure class=\"wp-block-image size-large\"><img loading=\"lazy\" decoding=\"async\" width=\"600\" height=\"456\" src=\"https:\/\/rue-de-seine.com\/wp-content\/uploads\/2020\/03\/1631-sign-venteW-e1585231081639.jpg\" alt=\"\" class=\"wp-image-200\"\/><figcaption class=\"wp-element-caption\"><em>Signatures de la vente de Fr\u00e9d\u00e9ric Fran\u00e7ois de La Tour \u00e0 Roger du Plessis et Jeanne de Schomberg<\/em><\/figcaption><\/figure>\n\n\n\n<p><\/p>\n\n\n\n<p class=\"has-background\" style=\"background-color:#f5ba83;font-size:23px\">1632-1674 : Le duc et la duchesse de Liancourt&nbsp;<\/p>\n\n\n\n<p>Roger du Plessis \u00e9tait le fils de Charles du Plessis-Liancourt et d&rsquo;Antoinette de Pons, la ravissante marquise de Guercheville&nbsp;&nbsp;qu&rsquo;Henri IV poursuivit de ses assiduit\u00e9s. Sa jeune femme, Jeanne de Schomberg \u00e9tait la fille d&rsquo;Henri de Schomberg, homme instruit et de go\u00fbt qui la for\u00e7a \u00e0 \u00e9pouser Fran\u00e7ois de Coss\u00e9-Brissac qui lui r\u00e9pugnait. N&rsquo;ayant jamais voulu consentir \u00e0 \u00eatre sa femme et ayant un caract\u00e8re affirm\u00e9, elle parvint \u00e0 faire annuler ce mariage qui, dit-on, ne fut jamais consomm\u00e9. Elle \u00e9pousa alors celui qu&rsquo;elle aimait : Roger du Plessis, duc de Liancourt.<\/p>\n\n\n\n<p>Ce dernier \u00e9tait fort beau et bien fait mais la vie de la jeune femme n&rsquo;\u00e9tait pas facile car son mari \u00e9tait volage. Tour \u00e0 tour il disputa Mlle de Colligny-Cressias \u00e0 son beau-fr\u00e8re et surtout Mlle de Hautefort \u00e0 Louis XIII qui appr\u00e9cia fort peu cette concurrence.<\/p>\n\n\n\n<p>Cependant le couple d\u00e9cida d&rsquo;entreprendre des travaux dans leur nouvelle demeure pour la rendre plus confortable. Pour ce faire ils choisirent comme entrepreneur Fremin de Cotte, jur\u00e9 du roi en l&rsquo;office de ma\u00e7onnerie et comme conducteur d&rsquo;ouvrage le sieur Petit architecte du roi<sup id=\"rf23-129\"><a href=\"#fn23-129\" title=\"Il peut s&rsquo;agir de Louis Petit architecte de S.M. et qui vivait rue de Seine en 1637 d&rsquo;apr\u00e8s un acte du minutier central des archives nationales -ET\/I\/ 118\" rel=\"footnote\">23<\/a><\/sup>. En cas de litige entre les parties, il fut convenu que le sieur Le Mercier, architecte des b\u00e2timents du roi trancherait le diff\u00e9rend pour \u00e9viter un proc\u00e8s. Mais cet acte du 11 avril 1635 fut remplac\u00e9 par celui du 13 juillet 1635 qui \u00e9tait proche du pr\u00e9c\u00e9dent et confirmait qu&rsquo;en cas de litige le diff\u00e9rend serait soumis au jugement de Le Mercier.<\/p>\n\n\n\n<p>Selon l&rsquo;ouvrage d&rsquo;Alexandre Gady, Jacques Lemercier , architecte et ing\u00e9nieur du Roi, Roger du Plessis fit d\u00e9truire et reconstruire le corps d&rsquo;h\u00f4tel qui \u00e9tait parall\u00e8le \u00e0 la rue de Seine entre la cour et le grand jardin ainsi que celui de gauche en entrant dans la cour. Il y inclut un escalier monumental dont le vestibule de rez-de-chauss\u00e9e \u00e9tait pav\u00e9 de marbre noir et de carreaux de liais et orn\u00e9 de colonnes<sup id=\"rf24-129\"><a href=\"#fn24-129\" title=\"A.N. ; Z\/1j\/260; estimation d&rsquo;ouvrages du 23\/12\/1642\" rel=\"footnote\">24<\/a><\/sup>. La dame de Liancourt fit faire par un serrurier du nom de Fran\u00e7ois Marchant, une voli\u00e8re de 15 toises (11 m\u00e8tres environ) sur 14 pieds de hauteur (\u00e0 peu pr\u00e8s 4,5 m\u00e8tres) contenant des ferronneries de feuillage et fleurs<sup id=\"rf25-129\"><a href=\"#fn25-129\" title=\"A.N. ; M.C. ; XCVIII\/125 , mai, juin, juillet 1637\" rel=\"footnote\">25<\/a><\/sup>.<\/p>\n\n\n\n<p>L&rsquo;h\u00f4tel se compose d&rsquo;un long corps de logis entre cour, jardin et par derri\u00e8re vers la rue des Petits Augustins d&rsquo;un grand jardin.<\/p>\n\n\n\n<p>Le 21\/12\/1689, la marquise d&rsquo;Uxelles dans une lettre \u00e0 la Garde raconte : \u00ab\u00a0Je vis hier un spectacle qui me fit horreur : l&rsquo;h\u00f4tel de La Rochefoucauld en est le th\u00e9\u00e2tre. Le feu y prit la nuit, on ne sait comment, du c\u00f4t\u00e9 du garde-meuble, dans l&rsquo;aile \u00e0 main gauche. Tout fut br\u00fbl\u00e9 quant aux combles en deux heures de temps. On a perdu beaucoup de meubles; tout fut jet\u00e9 des appartements en bas, dans la cour et dans le jardin, parce qu&rsquo;on avait peur que les planchers ne tombassent, et il y eut mille personnes qui vinrent au secours et pour voler. Les Augustins firent des merveilles \u2026 L&rsquo;abb\u00e9 de Marsillac, Mesdemoiselles ses s\u0153urs pass\u00e8rent la nuit un pied chauss\u00e9 et l&rsquo;autre nu, dans le jardin. j&rsquo;ai bien peur que ce premier ne s&rsquo;en trouve mal, la gel\u00e9e \u00e9tant \u00e0 pierre fendre \u2026 M. de La Rochefoucald, averti en diligence, arriva sur les onze heures du matin que le feu commen\u00e7ait \u00e0 s&rsquo;\u00e9teindre\u00a0\u00bb.<\/p>\n\n\n\n<p>Dans une lettre de Mme de S\u00e9vign\u00e9 \u00e0 madame de Grignan, dat\u00e9e du 12\/02\/1690 on lit que \u00ab\u00a0tout l&rsquo;h\u00f4tel de La Rochefoucauld est d\u00e9log\u00e9, pers\u00e9cut\u00e9s par l&rsquo;eau apr\u00e8s l&rsquo;avoir \u00e9t\u00e9 par le feu. L&rsquo;eau est dans notre rue jusque chez M. le Jai\u00a0\u00bb.<\/p>\n\n\n\n<p>Dans une autre lettre dat\u00e9e du 20\/01\/1672 \u00e0 madame de Grignan, on peut lire : \u00ab\u00a0Voici les maximes de M. de La Rochefoucauld, revues, corrig\u00e9es et augment\u00e9es : c&rsquo;est de sa part que je vous les envoie. Il y en a de divines ; et \u00e0 ma honte, il y en a que je n&rsquo;entends&nbsp;point\u00a0\u00bb<\/p>\n<hr class=\"footnotes\"><ol class=\"footnotes\" style=\"list-style-type:decimal\"><li id=\"fn1-129\"><p >A.N. ; LL1124, comptes de l&rsquo;abbaye de Saint-Germain-des-Pr\u00e9s&nbsp;<a href=\"#rf1-129\" class=\"backlink\" title=\"Return to footnote 1.\">&#8617;<\/a><\/p><\/li><li id=\"fn2-129\"><p >Le cens est une sorte de redevance fonci\u00e8re per\u00e7ue par le seigneur sur la parcelle de terre qui est en sa censive. Dans le cas qui nous occupe le terrain \u00e9tait dans la censive de l&rsquo;abbaye de Saint-Germain-des-Pr\u00e9s&nbsp;<a href=\"#rf2-129\" class=\"backlink\" title=\"Return to footnote 2.\">&#8617;<\/a><\/p><\/li><li id=\"fn3-129\"><p >. Son tombeau, que l&rsquo;on peut voir au Louvre, fut command\u00e9 en 1557 par contrat entre sa soeur et Pierre Bontemps sculpteur :<\/p>\n\n\n\n<figure class=\"wp-block-image aligncenter size-large\"><img loading=\"lazy\" decoding=\"async\" width=\"295\" height=\"464\" src=\"https:\/\/rue-de-seine.com\/wp-content\/uploads\/2020\/03\/Tombeau-Maigny-RMNW.jpg\" alt=\"\" class=\"wp-image-142\" srcset=\"https:\/\/rue-de-seine.com\/wp-content\/uploads\/2020\/03\/Tombeau-Maigny-RMNW.jpg 295w, https:\/\/rue-de-seine.com\/wp-content\/uploads\/2020\/03\/Tombeau-Maigny-RMNW-191x300.jpg 191w\" sizes=\"(max-width: 295px) 100vw, 295px\" \/><figcaption class=\"wp-element-caption\">Tombeau de C. de Maigny\nPhoto \u00a9 RMN-Grand Palais (mus\u00e9e du Louvre) St\u00e9phane Mar\u00e9challe\n<\/figcaption><\/figure>\n\n\n\n<p>Nous avons repr\u00e9sent\u00e9 \u00e7i-dessous la possession de Charles de Maigny. Le terrain quadrill\u00e9 est l&#8217;empreinte du futur h\u00f4tel de La Rochefoucauld .<\/p>\n\n\n\n<figure class=\"wp-block-image size-large\"><img loading=\"lazy\" decoding=\"async\" width=\"567\" height=\"401\" src=\"https:\/\/rue-de-seine.com\/wp-content\/uploads\/2020\/03\/Domaine-MaignyW-1.jpg\" alt=\"\" class=\"wp-image-136\" srcset=\"https:\/\/rue-de-seine.com\/wp-content\/uploads\/2020\/03\/Domaine-MaignyW-1.jpg 567w, https:\/\/rue-de-seine.com\/wp-content\/uploads\/2020\/03\/Domaine-MaignyW-1-300x212.jpg 300w\" sizes=\"(max-width: 567px) 100vw, 567px\" \/><figcaption class=\"wp-element-caption\"><em>Le terrain qui fut vendu \u00e0 C. de Maigny par l&rsquo;abbaye de Saint-Germain-des-Pr\u00e8s<\/em>. <em>La partie quadrill\u00e9e repr\u00e9sente l&#8217;empreinte l&rsquo;h\u00f4tel de La Rochefoucauld, en jaune le petit pr\u00e9 aux clercs<\/em>.<br><\/figcaption><\/figure>\n\n\n\n<p class=\"has-background\" style=\"background-color:#f5ba83;font-size:21px\">Etape 2 : Charles de Maigny et Fran\u00e7ois Bastonneau<\/p>\n\n\n\n<p>Quelques jours apr\u00e8s son acquisition, le 19 septembre 1538, devant les notaires Chenu et Maup\u00e9ou,  Charles de Maigny revendit un tiers de sa parcelle&nbsp;&nbsp;\u00e0 ma\u00eetre Fran\u00e7ois Bastonneau notaire, soit un demi arpent (1700 m2 environ) ((A.N. ; M.C. ; VIII\/158, 25\/09\/1577, inventaire des biens de Marguerite Delarche, veuve de Me Fran\u00e7ois Bastonneau&nbsp;<a href=\"#rf3-129\" class=\"backlink\" title=\"Return to footnote 3.\">&#8617;<\/a><\/p><\/li><li id=\"fn4-129\"><p >A.N. ; M.C. ; VIII\/179, vente \u00e0 Jean-Jacques de Mesmes du 23\/08\/1540&nbsp;<a href=\"#rf4-129\" class=\"backlink\" title=\"Return to footnote 4.\">&#8617;<\/a><\/p><\/li><li id=\"fn5-129\"><p >A.N. ;M.C. ; ET\/VIII\/179 , acte de vente par Charles de Maigny \u00e0 Nicole Dangu, \u00e9v\u00eaque de Seez du 9\/12\/1540&nbsp;<a href=\"#rf5-129\" class=\"backlink\" title=\"Return to footnote 5.\">&#8617;<\/a><\/p><\/li><li id=\"fn6-129\"><p >A.N. ; LL\/1125&nbsp;<a href=\"#rf6-129\" class=\"backlink\" title=\"Return to footnote 6.\">&#8617;<\/a><\/p><\/li><li id=\"fn7-129\"><p >A.N. ; M.C. ; XXXVI\/138 P62&nbsp;<a href=\"#rf7-129\" class=\"backlink\" title=\"Return to footnote 7.\">&#8617;<\/a><\/p><\/li><li id=\"fn8-129\"><p ><em>Les ducs de Montpensier<\/em>&nbsp;par Gabriel Depeyre&nbsp;&nbsp;page 51, ouvrage qu&rsquo;on peut consulter sur Gallica&nbsp;<a href=\"#rf8-129\" class=\"backlink\" title=\"Return to footnote 8.\">&#8617;<\/a><\/p><\/li><li id=\"fn9-129\"><p >A.N. ; 90AP\/24&nbsp;<a href=\"#rf9-129\" class=\"backlink\" title=\"Return to footnote 9.\">&#8617;<\/a><\/p><\/li><li id=\"fn10-129\"><p >A.N. ; M.C.; VIII.120; acte du 27\/02\/1602&nbsp;<a href=\"#rf10-129\" class=\"backlink\" title=\"Return to footnote 10.\">&#8617;<\/a><\/p><\/li><li id=\"fn11-129\"><p >Et non P\u00e9nillac comme l&rsquo;affirme M. Berty dans sa&nbsp;<em>Topographie historique du vieux Paris<\/em>&nbsp;<a href=\"#rf11-129\" class=\"backlink\" title=\"Return to footnote 11.\">&#8617;<\/a><\/p><\/li><li id=\"fn12-129\"><p >A.N. ; S 3058&nbsp;<a href=\"#rf12-129\" class=\"backlink\" title=\"Return to footnote 12.\">&#8617;<\/a><\/p><\/li><li id=\"fn13-129\"><p >A.N. ; M.C. ; XXIII\/241 F\u00b0452, bail \u00e0 Henri de La Tour en date du 20\/12\/1610&nbsp;<a href=\"#rf13-129\" class=\"backlink\" title=\"Return to footnote 13.\">&#8617;<\/a><\/p><\/li><li id=\"fn14-129\"><p >A.N. ; M.C. ; LIV\/479 ; vente du 7\/03\/1612&nbsp;<a href=\"#rf14-129\" class=\"backlink\" title=\"Return to footnote 14.\">&#8617;<\/a><\/p><\/li><li id=\"fn15-129\"><p >A.N. ; M.C. ; LIV\/479, acte du 9 juillet 1612&nbsp;<a href=\"#rf15-129\" class=\"backlink\" title=\"Return to footnote 15.\">&#8617;<\/a><\/p><\/li><li id=\"fn16-129\"><p >A.N. ; Y133 F\u00b057 V\u00b0, ; donation de J\u00e9r\u00f4me Bureau \u00e0 son fr\u00e8re du 6 ao\u00fbt 1592&nbsp;<a href=\"#rf16-129\" class=\"backlink\" title=\"Return to footnote 16.\">&#8617;<\/a><\/p><\/li><li id=\"fn17-129\"><p >A.N. ; Y134 F\u00b0425 V\u00b0, donation de J\u00e9r\u00f4me Bureau du 27\/09\/1595&nbsp;<a href=\"#rf17-129\" class=\"backlink\" title=\"Return to footnote 17.\">&#8617;<\/a><\/p><\/li><li id=\"fn18-129\"><p >A.N. ; M.C. ; XXIV\/245 ; 1\/09\/1612, march\u00e9 de travaux de ma\u00e7onnerie, menuiserie &#8230; &nbsp;<a href=\"#rf18-129\" class=\"backlink\" title=\"Return to footnote 18.\">&#8617;<\/a><\/p><\/li><li id=\"fn19-129\"><p >Article de Jean Luc Tulot que l&rsquo;on peut trouver avec le lien suivant : http:\/\/jeanluc.tulot.pagesperso-orange.fr\/Henridelatour.pdf&nbsp;<a href=\"#rf19-129\" class=\"backlink\" title=\"Return to footnote 19.\">&#8617;<\/a><\/p><\/li><li id=\"fn20-129\"><p >A.N. ; M.C. ; XXIV\/245, march\u00e9 entre le duc de Bouillon et Salomon de Brosse du 1er septembre 1612&nbsp;<a href=\"#rf20-129\" class=\"backlink\" title=\"Return to footnote 20.\">&#8617;<\/a><\/p><\/li><li id=\"fn21-129\"><p >A.N. ; M.C. LIV\/481; acte du 7 ao\u00fbt 1613&nbsp;<a href=\"#rf21-129\" class=\"backlink\" title=\"Return to footnote 21.\">&#8617;<\/a><\/p><\/li><li id=\"fn22-129\"><p >A.N. ; M.C ; LI\/ 161, 5 f\u00e9vrier 1631&nbsp;<a href=\"#rf22-129\" class=\"backlink\" title=\"Return to footnote 22.\">&#8617;<\/a><\/p><\/li><li id=\"fn23-129\"><p >Il peut s&rsquo;agir de Louis Petit architecte de S.M. et qui vivait rue de Seine en 1637 d&rsquo;apr\u00e8s un acte du minutier central des archives nationales -ET\/I\/ 118&nbsp;<a href=\"#rf23-129\" class=\"backlink\" title=\"Return to footnote 23.\">&#8617;<\/a><\/p><\/li><li id=\"fn24-129\"><p >A.N. ; Z\/1j\/260; estimation d&rsquo;ouvrages du 23\/12\/1642&nbsp;<a href=\"#rf24-129\" class=\"backlink\" title=\"Return to footnote 24.\">&#8617;<\/a><\/p><\/li><li id=\"fn25-129\"><p >A.N. ; M.C. ; XCVIII\/125 , mai, juin, juillet 1637&nbsp;<a href=\"#rf25-129\" class=\"backlink\" title=\"Return to footnote 25.\">&#8617;<\/a><\/p><\/li><\/ol>","protected":false},"excerpt":{"rendered":"<p>Les immeubles des 14, 16 et 18 de la rue de Seine et la rue des Beaux-Arts occupent l&#8217;emplacement de l&rsquo;ancien h\u00f4tel de La Rochefoucauld. C&rsquo;est pour cette raison que nous les \u00e9tudierons dans un m\u00eame article, d&rsquo;autant que deux &hellip; <a href=\"https:\/\/rue-de-seine.com\/index.php\/2020\/03\/20\/les-14-16-et-18-lancien-hotel-de-la-rochefoucauld\/\">Continuer la lecture <span class=\"meta-nav\">&rarr;<\/span><\/a><\/p>\n","protected":false},"author":1,"featured_media":0,"comment_status":"open","ping_status":"open","sticky":false,"template":"","format":"standard","meta":{"footnotes":""},"categories":[10],"tags":[],"_links":{"self":[{"href":"https:\/\/rue-de-seine.com\/index.php\/wp-json\/wp\/v2\/posts\/129"}],"collection":[{"href":"https:\/\/rue-de-seine.com\/index.php\/wp-json\/wp\/v2\/posts"}],"about":[{"href":"https:\/\/rue-de-seine.com\/index.php\/wp-json\/wp\/v2\/types\/post"}],"author":[{"embeddable":true,"href":"https:\/\/rue-de-seine.com\/index.php\/wp-json\/wp\/v2\/users\/1"}],"replies":[{"embeddable":true,"href":"https:\/\/rue-de-seine.com\/index.php\/wp-json\/wp\/v2\/comments?post=129"}],"version-history":[{"count":20,"href":"https:\/\/rue-de-seine.com\/index.php\/wp-json\/wp\/v2\/posts\/129\/revisions"}],"predecessor-version":[{"id":942,"href":"https:\/\/rue-de-seine.com\/index.php\/wp-json\/wp\/v2\/posts\/129\/revisions\/942"}],"wp:attachment":[{"href":"https:\/\/rue-de-seine.com\/index.php\/wp-json\/wp\/v2\/media?parent=129"}],"wp:term":[{"taxonomy":"category","embeddable":true,"href":"https:\/\/rue-de-seine.com\/index.php\/wp-json\/wp\/v2\/categories?post=129"},{"taxonomy":"post_tag","embeddable":true,"href":"https:\/\/rue-de-seine.com\/index.php\/wp-json\/wp\/v2\/tags?post=129"}],"curies":[{"name":"wp","href":"https:\/\/api.w.org\/{rel}","templated":true}]}}